{"id":7685,"date":"2012-06-30T00:00:00","date_gmt":"2012-06-30T00:00:00","guid":{"rendered":"https:\/\/www.psew.pl\/?p=7685"},"modified":"2024-04-02T08:41:04","modified_gmt":"2024-04-02T08:41:04","slug":"windbus-set-off-for-poland-let-the-wind-energy-speak","status":"publish","type":"post","link":"https:\/\/www.psew.pl\/en\/windbus-set-off-for-poland-let-the-wind-energy-speak\/","title":{"rendered":"WindBus set off for Poland \u2013 let the wind energy speak"},"content":{"rendered":"<div>\n<h2>\u201cA windmill is as it is\u201d. It is worth for everyone to see up close personally how a modern wind turbine operates. As part of the \u201cSummer with Windmills\u201d project the special WindBus with a group of young ecologists that will encourage to learn wind energy set off from Szczecin on 2 July. The WindBus will end its journey on the Woodstock Festival, where one will attempt to break a record in the number of simultaneously flown kites. An official launch of the trip was made by Olgierd Geblewicz, Marshal of the Zachodniopomorskie Province.<\/h2>\n<\/div>\n<div>\n<p>The \u201cSummer with Windmills\u201d project is organised by the Polish Wind Energy Association (PWEA), which once again encourages tourists to visit wind farms operating in Poland during their holiday trips.<\/p>\n<p><a href=\"http:\/\/www.facebook.com\/wiatrobus\">see photos from the WindBus departure<\/a><\/p>\n<p>&#8211;\u00a0\u2018This is the best way to develop own opinion regarding this energy source and confront opinions to date with facts\u2019, convinces PWEA President Krzysztof Prasa\u0142ek. This is the second edition of the \u201cSummer with Windmills\u201d project, where we encourage personal, holiday \u201cclose encounters with windmills\u201d. Everyone may learn the actual noise generated by a turbine and the distance from it when it becomes inaudible. One may also watch the nature, the birds\u2019 responses to turbines and whether or not they are actually dangerous. Furthermore, own observation allows for assessing wind turbines\u2019 impact on landscape. Wind is not only an inexhaustible, clean energy source, but also a unique, transparent energy factory.<\/p>\n<p>The WindBus, together with a group of young volunteers, will visit holiday resorts along the coast. The route also runs through Warmia and Mazury, where a social debate on the future and principles for the construction of wind farms in this naturally valuable area is pending. PWEA volunteers will organise happenings on the Polish beaches, including arts and sculpting competitions and kite shows.<\/p>\n<p><strong>Szczecin leads by example<\/strong><\/p>\n<p>It is not by accident that the WindBus sets off from Szczecin. Zachodniopomorskie province is the wind energy leader.<\/p>\n<p>&#8211;\u00a0\u2018In our province wind energy is developing not only dynamically, but also smartly and with regard to human and the environment\u2019, says K. Prasa\u0142ek. \u2018There is more than 630 MW of installed capacity is relatively small number of wind farms (35 installations). This means that we are building large, modern and efficient wind farms. I have to stress that sustainable development of the technology is possible due to uniform policy and strict cooperation between investors, local and provincial authorities.\u2019<\/p>\n<p>Zachodniopomorskie province is the leader not only in energy production. This is the region with the highest number of new industry-related jobs. These are just a few companies proving that wind is an effective driving force for the economy: LM Glas Fiber blade factory in Goleni\u00f3w; KK Electronic, producing control systems for the energy sector (including wind energy) and industry; or the international KSO consortium that wants to build offshore wind turbine towers on the area of the Gryfia Shipyard.<\/p>\n<p><strong>Kites at the Woodstock Festival.\u00a0We will break the record!<\/strong><\/p>\n<p>The WindBus will end its journey at the Woodstoc Festival, where we will train before attempting to break the Guinness record in kite flying. \u201cThe largest number of simultaneously flown kites\u201d is a joint initiative of the Great Orchestra of Christmas Charity, Allegro, the All For Planet Foundation and the Polish Wind Energy Association. During the Woodstock Festival Allegro will traditionally organise record-breaking in \u201ceco-disciplines\u201d. Last year the attempt to break the Guinness record in the highest total amount of energy produced using human muscles was crowned with a spectacular success; two years ago Woodstock participants played in the largest recycling orchestra in the world. This year the participants will pump water to a special screen tank. This years\u2019 festival is dedicated to ecological power of water, but the hosts also want to demonstrate the tremendous energy of wind.<\/p>\n<p>&#8211;\u00a0\u2018Wind is one of the eco-elements that accompany us every day, demonstrated by us every year during the Festival\u201d, says Krzysztof \u015apiewek from the All For Planet Foundation. \u2018We want to show the power of wind, we want to demonstrate that it can be a source of clean, renewable energy\u2019. By joint kite flying we also want to demonstrate the Woodstock participants\u2019 energy, who for many years have demonstrated the power of joint efforts.<\/p>\n<p>It\u2019s a difficult task the participants face. The official Guinness record is held by Palestinian children, who in July 2011 flown more than 12 thousand kites at the Al Waha beach in the Gaza Strip. This year in Kostrzyn nad Odr\u0105 Woodstock participants will attempt to fly the highest possible number of colourful kites in a spontaneous, open formula. There will be no official entry in the Guinness Book of Records, but if this \u201cgeneral rehearsal\u201d is successful, it is likely that we will go for an official record during the next edition of the Festival.<\/p>\n<p>During the Woodstock Festival wind will be captured not only during the record-breaking, but also by means of art. A Polish Wind Energy Association tent will be established in the NGO zone, where it will be possible to \u201cpaint and sculpt the wind\u201d during dedicated workshops.<\/p>\n<p><em>The release is a part of the \u201cSummer with Windmills\u201d information campaign.<\/em><\/p>\n<p><em>Polish Wind Energy Association wants to attract attention of the public to the need to develop wind energy in Poland.\u00a0The text may be published by media, local governments and non-governmental organisations free of charge.\u00a0We kindly request you to provide information about publication to\u00a0<\/em><a href=\"mailto:media@psew.pl\">media@psew.pl<\/a><em>Should you have any questions please do not hesitate to contact us.<\/em><\/p>\n<p>&nbsp;<\/p>\n<p>&nbsp;<\/p>\n<p><strong>PWEA<\/strong><\/p>\n<p>WindBus project website:\u00a0<a href=\"http:\/\/www.wiatrobus.pl\/\">www.wiatrobus.pl<\/a><\/p>\n<p>Facebook FanPage:\u00a0<a href=\"http:\/\/www.facebook.com\/wiatrobus\">www.facebook.com\/wiatrobus<\/a><\/p>\n<p>Media information and contact<\/p>\n<p>Piotr Biniek<\/p>\n<p>Polish Wind Energy Association<\/p>\n<p>tel.\u00a0+48 91 48 62 533<\/p>\n<p>email:\u00a0<a href=\"mailto:media@psew.pl\">media@psew.pl<\/a><\/p>\n<p>mob.\u00a0698644484<\/p>\n<p><strong>The WidnBus route may be subject to small changes.\u00a0Follow our website and fanpage.<\/strong><\/p>\n<p>Start: 02.07.2012, 1200 hours, Wa\u0142y Chrobrego, Szczecin<\/p>\n<p>02 July &#8211; Szczecin<\/p>\n<p>03-04 July \u2013 \u015awinouj\u015bcie, Mi\u0119dzyzdroje<\/p>\n<p>05 July &#8211; Dziwn\u00f3w<\/p>\n<p>06 July &#8211; Dziwn\u00f3wek<\/p>\n<p>07 \u2013 11 July \u2013 Trz\u0119sacz (Rewal), Trzebiat\u00f3w, Mrze\u017cyno, Rogowo<\/p>\n<p>12 July &#8211; Ko\u0142obrzeg<\/p>\n<p>13 July &#8211; Mielno<\/p>\n<p>14 \u2013 17 July \u2013 Dar\u0142owo, Postomino, Ustka, \u0141eba.<\/p>\n<p>18-21 July \u2013 W\u0142adys\u0142awowo, Puck, Gda\u0144sk, Sopot.<\/p>\n<p>22-23 July \u2013 Kisielice.<\/p>\n<p>24 July \u2013 Elbl\u0105g<\/p>\n<p>25 July &#8211; Ostr\u00f3da<\/p>\n<p>26 July &#8211; Olsztyn<\/p>\n<p>27 July &#8211; Mr\u0105gowo<\/p>\n<p>28 July &#8211; Miko\u0142ajki<\/p>\n<p>29 July &#8211; Gi\u017cycko<\/p>\n<p>30-31 July \u2013\u00a0<em>en route\u00a0<\/em>to Kostrzyn nad Odr\u0105<\/p>\n<p>01 \u2013 05 August \u2013 participation in the Woodstock Festival<\/p>\n<p>05 August \u2013 arrival to Szczecin<\/p>\n<\/div>\n<p>&nbsp;<\/p>\n","protected":false},"excerpt":{"rendered":"<p>\u201cA windmill is as it is\u201d. It is worth for [&hellip;]<\/p>\n","protected":false},"author":2,"featured_media":6153,"comment_status":"open","ping_status":"open","sticky":false,"template":"","format":"standard","meta":{"inline_featured_image":false,"footnotes":""},"categories":[35],"tags":[],"yoast_head":"<!-- This site is optimized with the Yoast SEO plugin v19.9 - https:\/\/yoast.com\/wordpress\/plugins\/seo\/ -->\n<title>WindBus set off for Poland \u2013 let the wind energy speak - Polskie Stowarzyszenie Energetyki Wiatrowej<\/title>\n<meta name=\"robots\" content=\"index, follow, max-snippet:-1, max-image-preview:large, max-video-preview:-1\" \/>\n<link rel=\"canonical\" href=\"https:\/\/www.psew.pl\/en\/windbus-set-off-for-poland-let-the-wind-energy-speak\/\" \/>\n<meta property=\"og:locale\" content=\"en_US\" \/>\n<meta property=\"og:type\" content=\"article\" \/>\n<meta property=\"og:title\" content=\"WindBus set off for Poland \u2013 let the wind energy speak - Polskie Stowarzyszenie Energetyki Wiatrowej\" \/>\n<meta property=\"og:description\" content=\"\u201cA windmill is as it is\u201d. It is worth for [&hellip;]\" \/>\n<meta property=\"og:url\" content=\"https:\/\/www.psew.pl\/en\/windbus-set-off-for-poland-let-the-wind-energy-speak\/\" \/>\n<meta property=\"og:site_name\" content=\"Polskie Stowarzyszenie Energetyki Wiatrowej\" \/>\n<meta property=\"article:published_time\" content=\"2012-06-30T00:00:00+00:00\" \/>\n<meta property=\"article:modified_time\" content=\"2024-04-02T08:41:04+00:00\" \/>\n<meta property=\"og:image\" content=\"https:\/\/www.psew.pl\/wp-content\/uploads\/2024\/01\/11.jpg\" \/>\n\t<meta property=\"og:image:width\" content=\"1024\" \/>\n\t<meta property=\"og:image:height\" content=\"540\" \/>\n\t<meta property=\"og:image:type\" content=\"image\/jpeg\" \/>\n<meta name=\"author\" content=\"4Dm1nNPs3w3E\" \/>\n<meta name=\"twitter:card\" content=\"summary_large_image\" \/>\n<meta name=\"twitter:label1\" content=\"Written by\" \/>\n\t<meta name=\"twitter:data1\" content=\"4Dm1nNPs3w3E\" \/>\n\t<meta name=\"twitter:label2\" content=\"Est. reading time\" \/>\n\t<meta name=\"twitter:data2\" content=\"5 minutes\" \/>\n<script type=\"application\/ld+json\" class=\"yoast-schema-graph\">{\"@context\":\"https:\/\/schema.org\",\"@graph\":[{\"@type\":\"WebPage\",\"@id\":\"https:\/\/www.psew.pl\/en\/windbus-set-off-for-poland-let-the-wind-energy-speak\/\",\"url\":\"https:\/\/www.psew.pl\/en\/windbus-set-off-for-poland-let-the-wind-energy-speak\/\",\"name\":\"WindBus set off for Poland \u2013 let the wind energy speak - Polskie Stowarzyszenie Energetyki Wiatrowej\",\"isPartOf\":{\"@id\":\"https:\/\/www.psew.pl\/#website\"},\"datePublished\":\"2012-06-30T00:00:00+00:00\",\"dateModified\":\"2024-04-02T08:41:04+00:00\",\"author\":{\"@id\":\"https:\/\/www.psew.pl\/#\/schema\/person\/3bb7580ad5f4452015cc15a310034e71\"},\"breadcrumb\":{\"@id\":\"https:\/\/www.psew.pl\/en\/windbus-set-off-for-poland-let-the-wind-energy-speak\/#breadcrumb\"},\"inLanguage\":\"en-US\",\"potentialAction\":[{\"@type\":\"ReadAction\",\"target\":[\"https:\/\/www.psew.pl\/en\/windbus-set-off-for-poland-let-the-wind-energy-speak\/\"]}]},{\"@type\":\"BreadcrumbList\",\"@id\":\"https:\/\/www.psew.pl\/en\/windbus-set-off-for-poland-let-the-wind-energy-speak\/#breadcrumb\",\"itemListElement\":[{\"@type\":\"ListItem\",\"position\":1,\"name\":\"Strona g\u0142\u00f3wna\",\"item\":\"https:\/\/www.psew.pl\/en\/\"},{\"@type\":\"ListItem\",\"position\":2,\"name\":\"WindBus set off for Poland \u2013 let the wind energy speak\"}]},{\"@type\":\"WebSite\",\"@id\":\"https:\/\/www.psew.pl\/#website\",\"url\":\"https:\/\/www.psew.pl\/\",\"name\":\"Polskie Stowarzyszenie Energetyki Wiatrowej\",\"description\":\"PSEW\",\"potentialAction\":[{\"@type\":\"SearchAction\",\"target\":{\"@type\":\"EntryPoint\",\"urlTemplate\":\"https:\/\/www.psew.pl\/?s={search_term_string}\"},\"query-input\":\"required name=search_term_string\"}],\"inLanguage\":\"en-US\"},{\"@type\":\"Person\",\"@id\":\"https:\/\/www.psew.pl\/#\/schema\/person\/3bb7580ad5f4452015cc15a310034e71\",\"name\":\"4Dm1nNPs3w3E\",\"image\":{\"@type\":\"ImageObject\",\"inLanguage\":\"en-US\",\"@id\":\"https:\/\/www.psew.pl\/#\/schema\/person\/image\/\",\"url\":\"https:\/\/www.psew.pl\/wp-content\/litespeed\/avatar\/23f4bd9b5d8b0d1403a87096ec93e4b2.jpg?ver=1777462190\",\"contentUrl\":\"https:\/\/www.psew.pl\/wp-content\/litespeed\/avatar\/23f4bd9b5d8b0d1403a87096ec93e4b2.jpg?ver=1777462190\",\"caption\":\"4Dm1nNPs3w3E\"}}]}<\/script>\n<!-- \/ Yoast SEO plugin. -->","yoast_head_json":{"title":"WindBus set off for Poland \u2013 let the wind energy speak - Polskie Stowarzyszenie Energetyki Wiatrowej","robots":{"index":"index","follow":"follow","max-snippet":"max-snippet:-1","max-image-preview":"max-image-preview:large","max-video-preview":"max-video-preview:-1"},"canonical":"https:\/\/www.psew.pl\/en\/windbus-set-off-for-poland-let-the-wind-energy-speak\/","og_locale":"en_US","og_type":"article","og_title":"WindBus set off for Poland \u2013 let the wind energy speak - Polskie Stowarzyszenie Energetyki Wiatrowej","og_description":"\u201cA windmill is as it is\u201d. It is worth for [&hellip;]","og_url":"https:\/\/www.psew.pl\/en\/windbus-set-off-for-poland-let-the-wind-energy-speak\/","og_site_name":"Polskie Stowarzyszenie Energetyki Wiatrowej","article_published_time":"2012-06-30T00:00:00+00:00","article_modified_time":"2024-04-02T08:41:04+00:00","og_image":[{"width":1024,"height":540,"url":"https:\/\/www.psew.pl\/wp-content\/uploads\/2024\/01\/11.jpg","type":"image\/jpeg"}],"author":"4Dm1nNPs3w3E","twitter_card":"summary_large_image","twitter_misc":{"Written by":"4Dm1nNPs3w3E","Est. reading time":"5 minutes"},"schema":{"@context":"https:\/\/schema.org","@graph":[{"@type":"WebPage","@id":"https:\/\/www.psew.pl\/en\/windbus-set-off-for-poland-let-the-wind-energy-speak\/","url":"https:\/\/www.psew.pl\/en\/windbus-set-off-for-poland-let-the-wind-energy-speak\/","name":"WindBus set off for Poland \u2013 let the wind energy speak - Polskie Stowarzyszenie Energetyki Wiatrowej","isPartOf":{"@id":"https:\/\/www.psew.pl\/#website"},"datePublished":"2012-06-30T00:00:00+00:00","dateModified":"2024-04-02T08:41:04+00:00","author":{"@id":"https:\/\/www.psew.pl\/#\/schema\/person\/3bb7580ad5f4452015cc15a310034e71"},"breadcrumb":{"@id":"https:\/\/www.psew.pl\/en\/windbus-set-off-for-poland-let-the-wind-energy-speak\/#breadcrumb"},"inLanguage":"en-US","potentialAction":[{"@type":"ReadAction","target":["https:\/\/www.psew.pl\/en\/windbus-set-off-for-poland-let-the-wind-energy-speak\/"]}]},{"@type":"BreadcrumbList","@id":"https:\/\/www.psew.pl\/en\/windbus-set-off-for-poland-let-the-wind-energy-speak\/#breadcrumb","itemListElement":[{"@type":"ListItem","position":1,"name":"Strona g\u0142\u00f3wna","item":"https:\/\/www.psew.pl\/en\/"},{"@type":"ListItem","position":2,"name":"WindBus set off for Poland \u2013 let the wind energy speak"}]},{"@type":"WebSite","@id":"https:\/\/www.psew.pl\/#website","url":"https:\/\/www.psew.pl\/","name":"Polskie Stowarzyszenie Energetyki Wiatrowej","description":"PSEW","potentialAction":[{"@type":"SearchAction","target":{"@type":"EntryPoint","urlTemplate":"https:\/\/www.psew.pl\/?s={search_term_string}"},"query-input":"required name=search_term_string"}],"inLanguage":"en-US"},{"@type":"Person","@id":"https:\/\/www.psew.pl\/#\/schema\/person\/3bb7580ad5f4452015cc15a310034e71","name":"4Dm1nNPs3w3E","image":{"@type":"ImageObject","inLanguage":"en-US","@id":"https:\/\/www.psew.pl\/#\/schema\/person\/image\/","url":"https:\/\/www.psew.pl\/wp-content\/litespeed\/avatar\/23f4bd9b5d8b0d1403a87096ec93e4b2.jpg?ver=1777462190","contentUrl":"https:\/\/www.psew.pl\/wp-content\/litespeed\/avatar\/23f4bd9b5d8b0d1403a87096ec93e4b2.jpg?ver=1777462190","caption":"4Dm1nNPs3w3E"}}]}},"_links":{"self":[{"href":"https:\/\/www.psew.pl\/en\/wp-json\/wp\/v2\/posts\/7685"}],"collection":[{"href":"https:\/\/www.psew.pl\/en\/wp-json\/wp\/v2\/posts"}],"about":[{"href":"https:\/\/www.psew.pl\/en\/wp-json\/wp\/v2\/types\/post"}],"author":[{"embeddable":true,"href":"https:\/\/www.psew.pl\/en\/wp-json\/wp\/v2\/users\/2"}],"replies":[{"embeddable":true,"href":"https:\/\/www.psew.pl\/en\/wp-json\/wp\/v2\/comments?post=7685"}],"version-history":[{"count":0,"href":"https:\/\/www.psew.pl\/en\/wp-json\/wp\/v2\/posts\/7685\/revisions"}],"wp:featuredmedia":[{"embeddable":true,"href":"https:\/\/www.psew.pl\/en\/wp-json\/wp\/v2\/media\/6153"}],"wp:attachment":[{"href":"https:\/\/www.psew.pl\/en\/wp-json\/wp\/v2\/media?parent=7685"}],"wp:term":[{"taxonomy":"category","embeddable":true,"href":"https:\/\/www.psew.pl\/en\/wp-json\/wp\/v2\/categories?post=7685"},{"taxonomy":"post_tag","embeddable":true,"href":"https:\/\/www.psew.pl\/en\/wp-json\/wp\/v2\/tags?post=7685"}],"curies":[{"name":"wp","href":"https:\/\/api.w.org\/{rel}","templated":true}]}}